{"id":15050,"date":"2025-12-06T16:58:50","date_gmt":"2025-12-06T15:58:50","guid":{"rendered":"https:\/\/cinema400coups.fr\/?p=15050"},"modified":"2025-12-10T14:18:59","modified_gmt":"2025-12-10T13:18:59","slug":"festival-telerama-2026","status":"publish","type":"post","link":"https:\/\/cinema400coups.fr\/?p=15050","title":{"rendered":"Festival T\u00e9l\u00e9rama 2026"},"content":{"rendered":"<div class=\"wp-block-image\">\n<figure class=\"aligncenter size-full is-resized\"><img loading=\"lazy\" decoding=\"async\" width=\"879\" height=\"315\" src=\"https:\/\/cinema400coups.fr\/wp-content\/uploads\/2024\/01\/logo-telerama.jpg\" alt=\"\" class=\"wp-image-11320\" style=\"width:519px;height:auto\" srcset=\"https:\/\/cinema400coups.fr\/wp-content\/uploads\/2024\/01\/logo-telerama.jpg 879w, https:\/\/cinema400coups.fr\/wp-content\/uploads\/2024\/01\/logo-telerama-300x108.jpg 300w, https:\/\/cinema400coups.fr\/wp-content\/uploads\/2024\/01\/logo-telerama-768x275.jpg 768w\" sizes=\"auto, (max-width: 879px) 100vw, 879px\" \/><\/figure>\n<\/div>\n\n\n<h1 class=\"wp-block-heading has-text-align-center\">Du mercredi 21 au mardi 27 janvier 2026<\/h1>\n\n\n\n<p class=\"has-text-align-center\">Pour la 28\u00e8me \u00e9dition, TELERAMA et l&rsquo;AFCAE vous propose de (re)d\u00e9couvrir en salle les films qui ont marqu\u00e9 l&rsquo;ann\u00e9e 2025.<\/p>\n\n\n\n<p class=\"has-text-align-center\">R\u00e9cup\u00e9rez un <strong><em>PASS FESTIVAL<\/em><\/strong> dans les magazines TELERAMA du 14 et 21 janvier 2026, ou sur <a href=\"https:\/\/www.telerama.fr\" data-type=\"link\" data-id=\"https:\/\/www.telerama.fr\"><strong>T\u00e9l\u00e9rama.fr<\/strong><\/a>, et b\u00e9n\u00e9ficiez du tarif de 4 \u20ac sur les s\u00e9ances propos\u00e9es (valable pour deux personnes).<\/p>\n\n\n\n<hr class=\"wp-block-separator has-alpha-channel-opacity\"\/>\n\n\n\n<hr class=\"wp-block-separator has-alpha-channel-opacity\"\/>\n\n\n\n<p class=\"has-text-align-center\">Votre cin\u00e9ma Les 400 Coups vous propose une s\u00e9lection de 7 films et 2 avant-premi\u00e8res.<\/p>\n\n\n\n<hr class=\"wp-block-separator has-alpha-channel-opacity\"\/>\n\n\n<div class=\"wp-block-image\">\n<figure class=\"alignleft size-large is-resized\"><img decoding=\"async\" src=\"https:\/\/cinema400coups.fr\/wp-content\/uploads\/2025\/12\/the-mastermind-691x1024.jpg\" alt=\"\" class=\"wp-image-15036\" style=\"width:243px;height:auto\"\/><\/figure>\n<\/div>\n\n<p>\n\n\n<\/p>\n<h3 class=\"wp-block-heading\"><strong>AVANT-PREMIERE : JEUDI 22 DECEMBRE \u00e0 20h00<\/strong><\/h3>\n<p>\n\n\n\n<\/p>\n<h2 class=\"wp-block-heading\"><strong><em>THE MASTERMIND<\/em><\/strong><\/h2>\n<p>\n\n\n\n<\/p>\n<p>1h50<\/p>\n<p>\n\n\n\n<\/p>\n<p><strong>De\u00a0Kelly Reichardt<\/strong><\/p>\n<p>\n\n\n\n<\/p>\n<p>Avec\u00a0Josh O&rsquo;Connor,\u00a0Alana Haim,\u00a0John Magaro<\/p>\n<p>\n\n\n\n<\/p>\n<p><em>Massachussetts, 1970. P\u00e8re de famille en qu\u00eate d&rsquo;un nouveau souffle, Mooney d\u00e9cide de se reconvertir dans le trafic d&rsquo;\u0153uvres d&rsquo;art. Avec deux complices, il s&rsquo;introduit dans un mus\u00e9e et d\u00e9robe des tableaux.<\/em><\/p>\n<p><strong>La s\u00e9ance sera suivie d&rsquo;un d\u00e9bat retransmis en direct<\/strong><\/p>\n<p>\n\n\n<\/p>\n\n\n<figure class=\"wp-block-embed aligncenter is-type-video is-provider-youtube wp-block-embed-youtube wp-embed-aspect-16-9 wp-has-aspect-ratio\"><div class=\"wp-block-embed__wrapper\">\n<iframe loading=\"lazy\" title=\"THE MASTERMIND | Official Trailer | Now Streaming on MUBI\" width=\"500\" height=\"281\" src=\"https:\/\/www.youtube.com\/embed\/AWokrf6yeEU?feature=oembed\" frameborder=\"0\" allow=\"accelerometer; autoplay; clipboard-write; encrypted-media; gyroscope; picture-in-picture; web-share\" referrerpolicy=\"strict-origin-when-cross-origin\" allowfullscreen><\/iframe>\n<\/div><\/figure>\n\n\n\n<hr class=\"wp-block-separator has-alpha-channel-opacity\"\/>\n\n\n\n<hr class=\"wp-block-separator has-alpha-channel-opacity\"\/>\n\n\n<div class=\"wp-block-image\">\n<figure class=\"alignleft size-large is-resized\"><img decoding=\"async\" src=\"https:\/\/cinema400coups.fr\/wp-content\/uploads\/2025\/12\/le-gateau-du-president-768x1024.jpg\" alt=\"\" class=\"wp-image-15037\" style=\"width:293px;height:auto\"\/><\/figure>\n<\/div>\n\n<p>\n\n\n<\/p>\n<h3 class=\"wp-block-heading\">AVANT-PREMIERE : MARDI 27 DECEMBRE \u00e0 20h00<\/h3>\n<p>\n\n\n\n<\/p>\n<h2 class=\"wp-block-heading\"><em>LE G\u00c2TEAU DU PRESIDENT<\/em><\/h2>\n<p>\n\n\n\n<\/p>\n<p><strong>De\u00a0Hasan Hadi<\/strong><\/p>\n<p>\n\n\n\n<\/p>\n<p>1h45<\/p>\n<p>\n\n\n\n<\/p>\n<p>Avec\u00a0Baneen Ahmad Nayyef,\u00a0Sajad Mohamad Qasem,\u00a0Waheed Thabet Khreibat<\/p>\n<p>\n\n\n\n<\/p>\n<p><em>Dans l\u2019Irak de Saddam Hussein, Lamia, 9 ans, se voit confier la lourde t\u00e2che de confectionner un g\u00e2teau pour c\u00e9l\u00e9brer l\u2019anniversaire du pr\u00e9sident. Sa qu\u00eate d\u2019ingr\u00e9dients, accompagn\u00e9e de son ami Saeed, bouleverse son quotidien.<\/em><\/p>\n<p><strong>La s\u00e9ance sera suivie d&rsquo;un d\u00e9bat retransmis en direct<\/strong><\/p>\n<p>\n\n\n<\/p>\n\n\n<figure class=\"wp-block-embed aligncenter is-type-video is-provider-youtube wp-block-embed-youtube wp-embed-aspect-16-9 wp-has-aspect-ratio\"><div class=\"wp-block-embed__wrapper\">\n<iframe loading=\"lazy\" title=\"LE G\u00c2TEAU DU PR\u00c9SIDENT l Bande annonce\" width=\"500\" height=\"281\" src=\"https:\/\/www.youtube.com\/embed\/wJVolG-45R8?feature=oembed\" frameborder=\"0\" allow=\"accelerometer; autoplay; clipboard-write; encrypted-media; gyroscope; picture-in-picture; web-share\" referrerpolicy=\"strict-origin-when-cross-origin\" allowfullscreen><\/iframe>\n<\/div><\/figure>\n\n\n\n<hr class=\"wp-block-separator has-alpha-channel-opacity\"\/>\n\n\n\n<hr class=\"wp-block-separator has-alpha-channel-opacity\"\/>\n\n\n\n<h1 class=\"wp-block-heading\">Les films s\u00e9lectionn\u00e9s :<\/h1>\n\n\n<div class=\"wp-block-image\">\n<figure class=\"alignleft size-large is-resized\"><img decoding=\"async\" src=\"https:\/\/cinema400coups.fr\/wp-content\/uploads\/2025\/12\/un-simple-accident-768x1024.jpg\" alt=\"\" class=\"wp-image-15039\" style=\"width:234px;height:auto\"\/><\/figure>\n<\/div>\n\n<h2><em>UN SIMPLE ACCIDENT<\/em><\/h2>\n<div class=\"meta-body-item meta-body-direction meta-body-oneline\"><strong><span class=\"light\">de<\/span>\u00a0Jafar Panahi<\/strong><\/div>\n<div class=\"meta-body-item meta-body-actor\"><span class=\"light\">Avec<\/span>\u00a0Vahid Mobasseri,\u00a0Mariam Afshari,\u00a0Ebrahim Azizi<\/div>\n<div><em>Iran, de nos jours. Un homme croise par hasard celui qu\u2019il croit \u00eatre son ancien tortionnaire. Mais face \u00e0 ce p\u00e8re de famille qui nie farouchement avoir \u00e9t\u00e9 son bourreau, le doute s\u2019installe.<\/em><\/div>\n<div><strong>Palme d&rsquo;or 2025<\/strong><\/div>\n\n\n<figure class=\"wp-block-embed aligncenter is-type-video is-provider-youtube wp-block-embed-youtube wp-embed-aspect-16-9 wp-has-aspect-ratio\"><div class=\"wp-block-embed__wrapper\">\n<iframe loading=\"lazy\" title=\"UN SIMPLE ACCIDENT | Bande-annonce officielle\" width=\"500\" height=\"281\" src=\"https:\/\/www.youtube.com\/embed\/SEjCTBT1dn4?feature=oembed\" frameborder=\"0\" allow=\"accelerometer; autoplay; clipboard-write; encrypted-media; gyroscope; picture-in-picture; web-share\" referrerpolicy=\"strict-origin-when-cross-origin\" allowfullscreen><\/iframe>\n<\/div><\/figure>\n\n\n\n<hr class=\"wp-block-separator has-alpha-channel-opacity\"\/>\n\n\n\n<hr class=\"wp-block-separator has-alpha-channel-opacity\"\/>\n\n\n<div class=\"wp-block-image\">\n<figure class=\"alignleft size-large is-resized\"><img decoding=\"async\" src=\"https:\/\/cinema400coups.fr\/wp-content\/uploads\/2025\/10\/une-bataille-apres-lautre-754x1024.jpg\" alt=\"\" class=\"wp-image-14745\" style=\"width:208px;height:auto\"\/><\/figure>\n<\/div>\n\n<h2><strong><em>UNE BATAILLE APRES L&rsquo;AUTRE<\/em><\/strong><\/h2>\n<div class=\"meta-body-item meta-body-direction meta-body-oneline\"><strong><span class=\"light\">de<\/span>\u00a0Paul Thomas Anderson<\/strong><\/div>\n<div class=\"meta-body-item meta-body-actor\"><span class=\"light\">Avec<\/span>\u00a0Leonardo DiCaprio,\u00a0Sean Penn,\u00a0Chase Infiniti<\/div>\n<div><em>Ancien r\u00e9volutionnaire d\u00e9sabus\u00e9 et parano\u00efaque, Bob vit en marge de la soci\u00e9t\u00e9, avec sa fille Willa, ind\u00e9pendante et pleine de ressources. Quand son ennemi jur\u00e9 refait surface apr\u00e8s 16 ans et que Willa dispara\u00eet, Bob remue ciel et terre pour la retrouver, affrontant pour la premi\u00e8re fois les cons\u00e9quences de son pass\u00e9&#8230;<\/em><\/div>\n\n\n<figure class=\"wp-block-embed aligncenter is-type-video is-provider-youtube wp-block-embed-youtube wp-embed-aspect-16-9 wp-has-aspect-ratio\"><div class=\"wp-block-embed__wrapper\">\n<iframe loading=\"lazy\" title=\"Une bataille apr\u00e8s l&#039;autre | Bande-annonce 2 (VOST) | Leonardo DiCaprio, Paul Thomas Anderson\" width=\"500\" height=\"281\" src=\"https:\/\/www.youtube.com\/embed\/uDMklSaeyz4?feature=oembed\" frameborder=\"0\" allow=\"accelerometer; autoplay; clipboard-write; encrypted-media; gyroscope; picture-in-picture; web-share\" referrerpolicy=\"strict-origin-when-cross-origin\" allowfullscreen><\/iframe>\n<\/div><\/figure>\n\n\n\n<hr class=\"wp-block-separator has-alpha-channel-opacity\"\/>\n\n\n\n<hr class=\"wp-block-separator has-alpha-channel-opacity\"\/>\n\n\n<div class=\"wp-block-image\">\n<figure class=\"alignleft size-large is-resized\"><img decoding=\"async\" src=\"https:\/\/cinema400coups.fr\/wp-content\/uploads\/2025\/12\/brutalist-819x1024.jpg\" alt=\"\" class=\"wp-image-15033\" style=\"width:231px;height:auto\"\/><\/figure>\n<\/div>\n\n<h2><em><strong>THE BRUTALIST<\/strong><\/em><\/h2>\n<div class=\"meta-body-item meta-body-direction meta-body-oneline\"><strong><span class=\"light\">de<\/span>\u00a0Brady Corbet<\/strong><\/div>\n<div class=\"meta-body-item meta-body-actor\"><span class=\"light\">Avec<\/span>\u00a0Adrien Brody,\u00a0Felicity Jones,\u00a0Guy Pearce<\/div>\n<div><em>Fuyant l\u2019Europe d\u2019apr\u00e8s-guerre, l\u2019architecte visionnaire L\u00e1szl\u00f3 T\u00f3th arrive en Am\u00e9rique pour y reconstruire sa vie, sa carri\u00e8re et le couple qu\u2019il formait avec sa femme Erzs\u00e9bet, que les fluctuations de fronti\u00e8res et de r\u00e9gimes de l\u2019Europe en guerre ont gravement mis \u00e0 mal.<\/em><\/div>\n\n\n<figure class=\"wp-block-embed aligncenter is-type-video is-provider-youtube wp-block-embed-youtube wp-embed-aspect-16-9 wp-has-aspect-ratio\"><div class=\"wp-block-embed__wrapper\">\n<iframe loading=\"lazy\" title=\"The Brutalist - Bande annonce VOST [Au cin\u00e9ma le 12 f\u00e9vrier]\" width=\"500\" height=\"281\" src=\"https:\/\/www.youtube.com\/embed\/cCnz8l6ev7k?feature=oembed\" frameborder=\"0\" allow=\"accelerometer; autoplay; clipboard-write; encrypted-media; gyroscope; picture-in-picture; web-share\" referrerpolicy=\"strict-origin-when-cross-origin\" allowfullscreen><\/iframe>\n<\/div><\/figure>\n\n\n\n<hr class=\"wp-block-separator has-alpha-channel-opacity\"\/>\n\n\n\n<hr class=\"wp-block-separator has-alpha-channel-opacity\"\/>\n\n\n<div class=\"wp-block-image\">\n<figure class=\"alignleft size-large is-resized\"><img decoding=\"async\" src=\"https:\/\/cinema400coups.fr\/wp-content\/uploads\/2025\/07\/sirat-752x1024.jpg\" alt=\"\" class=\"wp-image-14499\" style=\"width:234px;height:auto\"\/><\/figure>\n<\/div>\n\n<h2><em>SIR\u00c2T<\/em><\/h2>\n<div class=\"meta-body-item meta-body-direction meta-body-oneline\"><strong><span class=\"light\">de<\/span>\u00a0Oliver Laxe<\/strong><\/div>\n<div class=\"meta-body-item meta-body-actor\"><span class=\"light\">Avec<\/span>\u00a0Sergi L\u00f3pez,\u00a0Bruno N\u00fa\u00f1ez Arjona,\u00a0Richard Bellamy<\/div>\n<div><em>Au c\u0153ur des montagnes du sud du Maroc, Luis, accompagn\u00e9 de son fils Est\u00e9ban, recherche sa fille a\u00een\u00e9e qui a disparu. Ils rallient un groupe de ravers en route vers une \u00e9ni\u00e8me f\u00eate dans les profondeurs du d\u00e9sert. Ils s\u2019enfoncent dans l\u2019immensit\u00e9 br\u00fblante d\u2019un miroir de sable qui les confronte \u00e0 leurs propres limites.<\/em><\/div>\n<div>\u00a0<\/div>\n\n\n<figure class=\"wp-block-embed aligncenter is-type-video is-provider-youtube wp-block-embed-youtube wp-embed-aspect-16-9 wp-has-aspect-ratio\"><div class=\"wp-block-embed__wrapper\">\n<iframe loading=\"lazy\" title=\"SIR\u0100T de Oliver Laxe - Bande-annonce - au cin\u00e9ma le 10 septembre 2025\" width=\"500\" height=\"281\" src=\"https:\/\/www.youtube.com\/embed\/Nx9z0FNQHSQ?feature=oembed\" frameborder=\"0\" allow=\"accelerometer; autoplay; clipboard-write; encrypted-media; gyroscope; picture-in-picture; web-share\" referrerpolicy=\"strict-origin-when-cross-origin\" allowfullscreen><\/iframe>\n<\/div><\/figure>\n\n\n\n<hr class=\"wp-block-separator has-alpha-channel-opacity\"\/>\n\n\n\n<hr class=\"wp-block-separator has-alpha-channel-opacity\"\/>\n\n\n<div class=\"wp-block-image\">\n<figure class=\"alignleft size-large is-resized\"><img decoding=\"async\" src=\"https:\/\/cinema400coups.fr\/wp-content\/uploads\/2025\/12\/black-dog-768x1024.jpg\" alt=\"\" class=\"wp-image-15035\" style=\"width:237px;height:auto\"\/><\/figure>\n<\/div>\n\n<h2><em>BLACK DOG<\/em><\/h2>\n<div class=\"meta-body-item meta-body-direction meta-body-oneline\"><strong><span class=\"light\">De<\/span>\u00a0Hu Guan<\/strong><\/div>\n<div class=\"meta-body-item meta-body-actor\"><span class=\"light\">Avec<\/span>\u00a0Eddie Peng,\u00a0Liya Tong,\u00a0Jia Zhangke<\/div>\n<div><em>Lang revient dans sa ville natale aux portes du d\u00e9sert de Gobi. Alors qu\u2019il travaille pour la patrouille locale charg\u00e9e de d\u00e9barrasser la ville des chiens errants, il se lie d\u2019amiti\u00e9 avec l\u2019un d\u2019entre eux. Une rencontre qui va marquer un nouveau d\u00e9part pour ces deux \u00e2mes solitaires.<\/em><\/div>\n\n\n<figure class=\"wp-block-embed aligncenter is-type-video is-provider-youtube wp-block-embed-youtube wp-embed-aspect-16-9 wp-has-aspect-ratio\"><div class=\"wp-block-embed__wrapper\">\n<iframe loading=\"lazy\" title=\"BLACK DOG de Guan Hu | BANDE-ANNONCE OFFICIELLE | LE 5 MARS AU CIN\u00c9MA\" width=\"500\" height=\"281\" src=\"https:\/\/www.youtube.com\/embed\/44ZlcnGvcF4?feature=oembed\" frameborder=\"0\" allow=\"accelerometer; autoplay; clipboard-write; encrypted-media; gyroscope; picture-in-picture; web-share\" referrerpolicy=\"strict-origin-when-cross-origin\" allowfullscreen><\/iframe>\n<\/div><\/figure>\n\n\n\n<hr class=\"wp-block-separator has-alpha-channel-opacity\"\/>\n\n\n\n<hr class=\"wp-block-separator has-alpha-channel-opacity\"\/>\n\n\n<div class=\"wp-block-image\">\n<figure class=\"alignleft size-large is-resized\"><img decoding=\"async\" src=\"https:\/\/cinema400coups.fr\/wp-content\/uploads\/2025\/12\/partir-un-jour1-754x1024.jpg\" alt=\"\" class=\"wp-image-15034\" style=\"width:238px;height:auto\"\/><\/figure>\n<\/div>\n\n<h2><em>PARTIR UN JOUR<\/em><\/h2>\n<div class=\"meta-body-item meta-body-direction meta-body-oneline\"><strong><span class=\"light\">d&rsquo;<\/span>Am\u00e9lie Bonnin<\/strong><\/div>\n<div class=\"meta-body-item meta-body-actor\"><span class=\"light\">Avec<\/span>\u00a0Juliette Armanet,\u00a0Bastien Bouillon,\u00a0Fran\u00e7ois Rollin<\/div>\n<div><em>Alors que C\u00e9cile s\u2019appr\u00eate \u00e0 r\u00e9aliser son r\u00eave, ouvrir son propre restaurant gastronomique, elle doit rentrer dans le village de son enfance \u00e0 la suite de l&rsquo;infarctus de son p\u00e8re. Loin de l&rsquo;agitation parisienne, elle recroise son amour de jeunesse. Ses souvenirs ressurgissent et ses certitudes vacillent\u2026<\/em><\/div>\n\n\n<figure class=\"wp-block-embed aligncenter is-type-video is-provider-youtube wp-block-embed-youtube wp-embed-aspect-16-9 wp-has-aspect-ratio\"><div class=\"wp-block-embed__wrapper\">\n<iframe loading=\"lazy\" title=\"Partir Un Jour - Actuellement au cin\u00e9ma\" width=\"500\" height=\"281\" src=\"https:\/\/www.youtube.com\/embed\/j8yVPSqdwJ4?feature=oembed\" frameborder=\"0\" allow=\"accelerometer; autoplay; clipboard-write; encrypted-media; gyroscope; picture-in-picture; web-share\" referrerpolicy=\"strict-origin-when-cross-origin\" allowfullscreen><\/iframe>\n<\/div><\/figure>\n\n\n\n<hr class=\"wp-block-separator has-alpha-channel-opacity\"\/>\n\n\n\n<hr class=\"wp-block-separator has-alpha-channel-opacity\"\/>\n\n\n<div class=\"wp-block-image\">\n<figure class=\"alignleft size-large is-resized\"><img decoding=\"async\" src=\"https:\/\/cinema400coups.fr\/wp-content\/uploads\/2025\/11\/je-suis-toujours-la-768x1024.jpg\" alt=\"\" class=\"wp-image-14988\" style=\"width:211px;height:auto\"\/><\/figure>\n<\/div>\n\n<h2><strong><em>JE SUIS TOUJOURS LA<\/em><\/strong><\/h2>\n<p>2h15<\/p>\n<div class=\"meta-body-item meta-body-direction meta-body-oneline\"><strong><span class=\"light\">De<\/span>\u00a0Walter Salles<\/strong><\/div>\n<div class=\"meta-body-item meta-body-actor\"><span class=\"light\">Avec<\/span>\u00a0Fernanda Torres,\u00a0Fernanda Montenegro,\u00a0Selton Mello<\/div>\n<div><em>Rio, 1971, sous la dictature militaire. La grande maison des Paiva, pr\u00e8s de la plage, est un havre de vie, de paroles partag\u00e9es, de jeux, de rencontres. Jusqu\u2019au jour o\u00f9 des hommes du r\u00e9gime viennent arr\u00eater Rubens, le p\u00e8re de famille, qui disparait sans laisser de traces.<\/em><\/div>\n\n\n<figure class=\"wp-block-embed aligncenter is-type-video is-provider-youtube wp-block-embed-youtube wp-embed-aspect-16-9 wp-has-aspect-ratio\"><div class=\"wp-block-embed__wrapper\">\n<iframe loading=\"lazy\" title=\"JE SUIS TOUJOURS L\u00c0 \u2013 Bande-annonce Officielle VOSTF \u2013 Walter Salles (2025)\" width=\"500\" height=\"281\" src=\"https:\/\/www.youtube.com\/embed\/65UDWfkJGdo?feature=oembed\" frameborder=\"0\" allow=\"accelerometer; autoplay; clipboard-write; encrypted-media; gyroscope; picture-in-picture; web-share\" referrerpolicy=\"strict-origin-when-cross-origin\" allowfullscreen><\/iframe>\n<\/div><\/figure>\n\n\n\n<hr class=\"wp-block-separator has-alpha-channel-opacity\"\/>\n\n\n<div class=\"wp-block-image\">\n<figure class=\"aligncenter size-full\"><img loading=\"lazy\" decoding=\"async\" width=\"600\" height=\"600\" src=\"https:\/\/cinema400coups.fr\/wp-content\/uploads\/2024\/01\/Telerama-coeurs-600x600-d\u00e9tour\u00e9.png\" alt=\"\" class=\"wp-image-11332\" srcset=\"https:\/\/cinema400coups.fr\/wp-content\/uploads\/2024\/01\/Telerama-coeurs-600x600-d\u00e9tour\u00e9.png 600w, https:\/\/cinema400coups.fr\/wp-content\/uploads\/2024\/01\/Telerama-coeurs-600x600-d\u00e9tour\u00e9-150x150.png 150w, https:\/\/cinema400coups.fr\/wp-content\/uploads\/2024\/01\/Telerama-coeurs-600x600-d\u00e9tour\u00e9-300x300.png 300w, https:\/\/cinema400coups.fr\/wp-content\/uploads\/2024\/01\/Telerama-coeurs-600x600-d\u00e9tour\u00e9-540x540.png 540w, https:\/\/cinema400coups.fr\/wp-content\/uploads\/2024\/01\/Telerama-coeurs-600x600-d\u00e9tour\u00e9-270x270.png 270w, https:\/\/cinema400coups.fr\/wp-content\/uploads\/2024\/01\/Telerama-coeurs-600x600-d\u00e9tour\u00e9-365x365.png 365w\" sizes=\"auto, (max-width: 600px) 100vw, 600px\" \/><\/figure>\n<\/div>","protected":false},"excerpt":{"rendered":"<p>Du mercredi 21 au mardi 27 janvier 2026 Pour la 28\u00e8me \u00e9dition, TELERAMA et l&rsquo;AFCAE vous propose de (re)d\u00e9couvrir en salle les films qui ont marqu\u00e9 l&rsquo;ann\u00e9e 2025. R\u00e9cup\u00e9rez un PASS FESTIVAL dans les magazines TELERAMA du 14 et 21 &hellip; <a href=\"https:\/\/cinema400coups.fr\/?p=15050\">Lire la suite\u00ad\u00ad<\/a><\/p>\n","protected":false},"author":1,"featured_media":11332,"comment_status":"closed","ping_status":"open","sticky":false,"template":"","format":"standard","meta":{"footnotes":""},"categories":[1],"tags":[],"class_list":["post-15050","post","type-post","status-publish","format-standard","has-post-thumbnail","hentry","category-non-classe"],"_links":{"self":[{"href":"https:\/\/cinema400coups.fr\/index.php?rest_route=\/wp\/v2\/posts\/15050","targetHints":{"allow":["GET"]}}],"collection":[{"href":"https:\/\/cinema400coups.fr\/index.php?rest_route=\/wp\/v2\/posts"}],"about":[{"href":"https:\/\/cinema400coups.fr\/index.php?rest_route=\/wp\/v2\/types\/post"}],"author":[{"embeddable":true,"href":"https:\/\/cinema400coups.fr\/index.php?rest_route=\/wp\/v2\/users\/1"}],"replies":[{"embeddable":true,"href":"https:\/\/cinema400coups.fr\/index.php?rest_route=%2Fwp%2Fv2%2Fcomments&post=15050"}],"version-history":[{"count":6,"href":"https:\/\/cinema400coups.fr\/index.php?rest_route=\/wp\/v2\/posts\/15050\/revisions"}],"predecessor-version":[{"id":15243,"href":"https:\/\/cinema400coups.fr\/index.php?rest_route=\/wp\/v2\/posts\/15050\/revisions\/15243"}],"wp:featuredmedia":[{"embeddable":true,"href":"https:\/\/cinema400coups.fr\/index.php?rest_route=\/wp\/v2\/media\/11332"}],"wp:attachment":[{"href":"https:\/\/cinema400coups.fr\/index.php?rest_route=%2Fwp%2Fv2%2Fmedia&parent=15050"}],"wp:term":[{"taxonomy":"category","embeddable":true,"href":"https:\/\/cinema400coups.fr\/index.php?rest_route=%2Fwp%2Fv2%2Fcategories&post=15050"},{"taxonomy":"post_tag","embeddable":true,"href":"https:\/\/cinema400coups.fr\/index.php?rest_route=%2Fwp%2Fv2%2Ftags&post=15050"}],"curies":[{"name":"wp","href":"https:\/\/api.w.org\/{rel}","templated":true}]}}